{"id":98267,"date":"2024-06-05T11:00:04","date_gmt":"2024-06-05T10:00:04","guid":{"rendered":"https:\/\/maternel.isnd.be\/?p=98267"},"modified":"2024-06-05T11:01:36","modified_gmt":"2024-06-05T10:01:36","slug":"places-de-disponibles-en-premiere-et-deuxieme-maternelle-pour-24-25","status":"publish","type":"post","link":"https:\/\/maternel.isnd.be\/?p=98267","title":{"rendered":"Places de disponibles en premi\u00e8re et deuxi\u00e8me maternelle pour 24-25"},"content":{"rendered":"\n<p>Chers parents,<\/p>\n\n\n\n<p>Nous vous informons que nous disposons d&#8217;encore quelques places de libres pour inscrire votre enfant <\/p>\n\n\n\n<ul class=\"wp-block-list\"><li>en premi\u00e8re maternelle (enfant n\u00e9 en 2021)<\/li><\/ul>\n\n\n\n<ul class=\"wp-block-list\"><li>en deuxi\u00e8me maternelle (enfant n\u00e9 en 2020)<\/li><\/ul>\n\n\n\n<p>Si vous recherchez une \u00e9cole o\u00f9 r\u00e8gne la bienveillance pour votre enfant, n&#8217;h\u00e9sitez pas \u00e0 nous appeler au 02\/523.29.47 ou \u00e0 remplir notre formulaire de demande d&#8217;inscription  <a href=\"https:\/\/maternel.isnd.be\/?page_id=97236\">https:\/\/maternel.isnd.be\/?page_id=97236<\/a><\/p>\n\n\n\n<p><\/p>\n","protected":false},"excerpt":{"rendered":"<p>Chers parents, Nous vous informons que nous disposons d&#8217;encore quelques places de libres pour inscrire votre enfant en premi\u00e8re maternelle (enfant n\u00e9 en 2021) en deuxi\u00e8me maternelle (enfant n\u00e9 en 2020) Si vous recherchez une \u00e9cole o\u00f9 r\u00e8gne la bienveillance pour votre enfant, n&#8217;h\u00e9sitez pas \u00e0 nous appeler au 02\/523.29.47 ou \u00e0 remplir notre formulaire de demande d&#8217;inscription https:\/\/maternel.isnd.be\/?page_id=97236<\/p>\n","protected":false},"author":13,"featured_media":0,"comment_status":"open","ping_status":"closed","sticky":false,"template":"","format":"standard","meta":{"footnotes":""},"categories":[30],"tags":[],"class_list":["post-98267","post","type-post","status-publish","format-standard","hentry","category-articles"],"_links":{"self":[{"href":"https:\/\/maternel.isnd.be\/index.php?rest_route=\/wp\/v2\/posts\/98267","targetHints":{"allow":["GET"]}}],"collection":[{"href":"https:\/\/maternel.isnd.be\/index.php?rest_route=\/wp\/v2\/posts"}],"about":[{"href":"https:\/\/maternel.isnd.be\/index.php?rest_route=\/wp\/v2\/types\/post"}],"author":[{"embeddable":true,"href":"https:\/\/maternel.isnd.be\/index.php?rest_route=\/wp\/v2\/users\/13"}],"replies":[{"embeddable":true,"href":"https:\/\/maternel.isnd.be\/index.php?rest_route=%2Fwp%2Fv2%2Fcomments&post=98267"}],"version-history":[{"count":1,"href":"https:\/\/maternel.isnd.be\/index.php?rest_route=\/wp\/v2\/posts\/98267\/revisions"}],"predecessor-version":[{"id":98268,"href":"https:\/\/maternel.isnd.be\/index.php?rest_route=\/wp\/v2\/posts\/98267\/revisions\/98268"}],"wp:attachment":[{"href":"https:\/\/maternel.isnd.be\/index.php?rest_route=%2Fwp%2Fv2%2Fmedia&parent=98267"}],"wp:term":[{"taxonomy":"category","embeddable":true,"href":"https:\/\/maternel.isnd.be\/index.php?rest_route=%2Fwp%2Fv2%2Fcategories&post=98267"},{"taxonomy":"post_tag","embeddable":true,"href":"https:\/\/maternel.isnd.be\/index.php?rest_route=%2Fwp%2Fv2%2Ftags&post=98267"}],"curies":[{"name":"wp","href":"https:\/\/api.w.org\/{rel}","templated":true}]}}