{"id":98007,"date":"2023-06-26T12:50:06","date_gmt":"2023-06-26T11:50:06","guid":{"rendered":"https:\/\/maternel.isnd.be\/?p=98007"},"modified":"2023-06-26T16:51:47","modified_gmt":"2023-06-26T15:51:47","slug":"bilan-annuel","status":"publish","type":"post","link":"https:\/\/maternel.isnd.be\/?p=98007","title":{"rendered":"Bilan annuel"},"content":{"rendered":"\n<p><\/p>\n\n\n\n<p>Chers parents,<br \/><br \/>Nous avons coutume de dire : &#8220;Il se passe toujours quelque chose \u00e0 l&#8217;ISND !&#8221;<br \/><br \/>Cette belle ann\u00e9e scolaire se termine et il est temps pour nous de regarder en arri\u00e8re, de faire un bilan de tout ce qu&#8217;il s&#8217;est pass\u00e9 durant cette ann\u00e9e \u00e0 l&#8217;ISND maternelle<br \/><br \/><br \/>Les projets r\u00e9alis\u00e9s propres \u00e0 l&#8217;ensemble de l&#8217;\u00e9cole:<br \/><br \/><strong>Ach\u00e8vement des travaux<\/strong><br \/><br \/>En 2022-2023, l&#8217;ann\u00e9e f\u00fbt rythm\u00e9e par les travaux.<br \/>Nous manquions d&#8217;espace, il \u00e9tait n\u00e9cessaire de passer par une p\u00e9riode d&#8217;inconfort afin de pouvoir ensuite profiter des nouveaux am\u00e9nagements :<br \/><br \/>&#8211; cr\u00e9ation d&#8217;un nouveau b\u00e2timent accueillant une salle de psychomotricit\u00e9.<br \/>&#8211; nouveau pr\u00e9au<br \/>-cr\u00e9ation de mezzanines dans 5 classes pour les siestes ou pour offrir plus d&#8217;espace dans un local de deuxi\u00e8me.<br \/>&#8211; cr\u00e9ation d&#8217;un nouvel espace plus accessible pour le secr\u00e9tariat et la direction au rez-de-chauss\u00e9e (anciennement au 3 immeuble \u00e9tage)<br \/>&#8211; cr\u00e9ation d&#8217;une salle polyvalente (espace pour travailler en petits groupes hors classe avec des \u00e9l\u00e8ves \/ espace de repos et d\u00e9tente pendant le midi pour les 2 et 3ieme maternelle \/ local agr\u00e9able pour l&#8217;accueil du matin du soir pendant les temps baco).<br \/>&#8211; r\u00e9installation de modules de\u00a0 jeux dans la cour (bateau et drone sont nouveaux).<br \/><br \/><br \/><br \/>Nous avons comme projet de r\u00e9aliser cr\u00e9er un abri pour notre parking v\u00e9lo et d&#8217;am\u00e9nager l&#8217;estrade sous le pr\u00e9au.<br \/><br \/><br \/><strong>Cr\u00e9ation d&#8217;une biblioth\u00e8que<\/strong><br \/><br \/>Cela faisait longtemps nous en r\u00eavions.<br \/>Gr\u00e2ce aux travaux de l&#8217;ann\u00e9e pass\u00e9e, nous avons pu lib\u00e9rer un espace au 3 i\u00e8me \u00e9tage pour notre biblioth\u00e8que.<br \/><br \/>Encore merci \u00e0 la famille de Maryam pour la peinture du local, les \u00e9tag\u00e8res, et la quantit\u00e9 de livres offerts !<br \/>Merci \u00e9galement \u00e0 tous les parents qui ont achet\u00e9 des porte-cl\u00e9s Isnd l&#8217;ann\u00e9e scolaire pass\u00e9e. Les b\u00e9n\u00e9fices nous ont permis d&#8217;acheter des poufs, des \u00e9tag\u00e8res murales,\u00a0 un fauteuil, un programme de gestion des pr\u00eats de livres&#8230;<br \/><br \/><strong>Sensibilisation \u00e0 la mobilit\u00e9 douce <\/strong><br \/><br \/>Deux actions ont \u00e9t\u00e9 propos\u00e9es, nous avons particip\u00e9 \u00e0 la semaine de la mobilit\u00e9 en septembre. L&#8217;asbl sport 4 you est venue propos\u00e9e une animation v\u00e9lo et s\u00e9curit\u00e9 routi\u00e8re.<br \/>Vos enfants ont v\u00e9cu des animations en classes ou hors de l&#8217;\u00e9cole : visite du quartier, d\u00e9couverte des panneaux routiers, &#8230;<br \/>Au retour des beaux jours,\u00a0 notre psychomotricienne Mme Monica a propos\u00e9 l&#8217;action &#8220;tous \u00e0 l&#8217;\u00e9cole \u00e0 v\u00e9lo&#8221;. Nous avons re\u00e7u des modules parcours v\u00e9lo a pr\u00eater de Provelo.<br \/><br \/>Quotidiennement, nous remarquons les b\u00e9n\u00e9fices du projet mobilit\u00e9. Nous constatons que beaucoup d&#8217;enfants se d\u00e9placent \u00e0 v\u00e9lo, trottinette,\u00a0 draisienne<br \/><br \/><br \/><strong>L&#8217;\u00e9veil aux langues<\/strong><br \/><br \/>L&#8217;\u00e9veil aux langues de maternelle \u00e0 la deuxi\u00e8me primaire est une nouveaut\u00e9 du tronc commun.<br \/>Nos enseignants ont suivi 4 modules de formation lors de nos temps de travail collaboratif.<br \/>De nombreuses activit\u00e9s d&#8217;\u00e9veil aux langues sont propos\u00e9es en classe, certains enseignants ont invit\u00e9 des parent pour faire d\u00e9couvrir leur langue aux \u00e9l\u00e8ves de la classe..<br \/>Nous nous sommes procur\u00e9s de nombreux livres d&#8217;histoires propres \u00e0 L&#8217;\u00e9veil aux langues.<br \/><br \/>Nous constatons que ces activit\u00e9s permettent une ouverture \u00e0 l&#8217;autre. Nos \u00e9l\u00e8ves sont r\u00e9ceptifs et curieux de d\u00e9couvrir d&#8217;autres langues d&#8217;autres mots &#8230;<br \/><br \/><br \/><strong>Formation des enseignants<\/strong><br \/><br \/>Nos enseignants ont \u00e9t\u00e9 form\u00e9s lors de nos journ\u00e9es p\u00e9dagogiques aux am\u00e9nagements raisonnables. Notre volont\u00e9 est de pouvoir soutenir au mieux nos \u00e9l\u00e8ves en difficult\u00e9s.<br \/><br \/>Une journ\u00e9e de formation nous a permis de pr\u00e9parer notre \u00e9valuation interm\u00e9diaire de notre contrat d&#8217;objectifs. (Voir paragraphe contrat d&#8217;objectif).<br \/><br \/>La derni\u00e8re journ\u00e9e de formation a \u00e9t\u00e9 consacr\u00e9e aux premiers secours pour l&#8217;ensemble de l&#8217;\u00e9quipe.<br \/><br \/>Deux enseignants ont suivi la formation &#8220;apprendre dans la nature&#8221; l&#8217;ann\u00e9e prochaine deux autres enseignants suivront \u00e9galement cette formation.<br \/><br \/>Plusieurs enseignants ont particip\u00e9 \u00e0 une initiation de Babel&#8217;Air.\u00a0 Projet pour la qualit\u00e9 de l&#8217;air dans les \u00e9coles.<br \/><br \/>Deux enseignants ont suivi une formation fran\u00e7ais langue d&#8217;apprentissage afin d&#8217;am\u00e9liorer nos techniques d&#8217;apprentissages pour les enfants dont le niveau de fran\u00e7ais est faible.<br \/><br \/>Un enseignant a suivi la formation r\u00e9f\u00e9rent num\u00e9rique.<br \/><br \/><\/p>\n\n\n\n<p><strong>Contrat d&#8217;objectifs (plan pilotage)<\/strong><br \/><br \/>Toutes les \u00e9coles de la cfwb ont \u00e9t\u00e9 invit\u00e9es a r\u00e9aliser une analyse des r\u00e9sultats de sa propre \u00e9cole. En fonction de l&#8217;analyse chaque \u00e9cole a d\u00fb cibler des objectifs d&#8217;am\u00e9lioration.<br \/><br \/>Nous avons r\u00e9alis\u00e9 ce travail en 2018, notre \u00e9cole s&#8217;est fix\u00e9e 3 objectifs d&#8217;am\u00e9lioration \u00e0 atteindre dans les 6 ans.<br \/><br \/>1) continuer \u00e0 am\u00e9liorer le bien-\u00eatre au sein de notre \u00e9cole<br \/>2) r\u00e9duire les \u00e9carts entre nos \u00e9l\u00e8ves<br \/>3) am\u00e9liorer les comp\u00e9tences de n\u00e9erlandais de nos \u00e9l\u00e8ves en immersion.<br \/><br \/>En mars, une d\u00e9l\u00e9gu\u00e9e au contrat d&#8217;objectifs de la cfwb est venue \u00e9valuer avec nous notre travail \u00e0 mi-parcours.<br \/><br \/>Son \u00e9valuation est positive, nous avons \u00e9t\u00e9 chaleureusement f\u00e9licit\u00e9s pour toutes les actions mises en place. La d\u00e9l\u00e9gu\u00e9e se dit \u00eatre impressionn\u00e9e par la quantit\u00e9 et la qualit\u00e9 de notre travail au service des \u00e9l\u00e8ves.<br \/><br \/><\/p>\n\n\n\n<p><strong>Notre f\u00eate d&#8217;\u00e9cole<\/strong><br \/>Cette ann\u00e9e, nous sommes heureux et fiers d&#8217;avoir pu vous offrir \u00e0 nouveau un beau spectacle (covid).<br \/>Le th\u00e8me des musiques du monde \u00e9tait une \u00e9vidence pour nous. Il nous a permis de faire le lien avec l&#8217;\u00e9veil aux langues.<br \/><br \/>Merci d&#8217;avoir embarquez avec nous pour ce voyage festif autour du monde.<br \/>J&#8217;en profite pour remercier et souligner une nouvelle fois le travail de qualit\u00e9 de l&#8217;ensemble des membres du personnel de l&#8217;\u00e9cole. Il n&#8217;y a pas de doutes, ils sont passionn\u00e9s !<br \/><br \/>Merci \u00e0 vous chers parents pour tout le soutien que vous nous avez apport\u00e9!<br \/><br \/><br \/><strong>Projet faciliter l&#8217;accueil de nos nouveaux \u00e9l\u00e8ves<\/strong><br \/><br \/>Nous avons fait le constat que nos \u00e9l\u00e8ves sont de moins en moins pr\u00e9par\u00e9s \u00e0 entrer \u00e0 l&#8217;\u00e9cole maternelle.<br \/>Nos institutrices de premi\u00e8res maternelles ont souhait\u00e9 se concerter avec le pms et la direction&nbsp; afin de r\u00e9fl\u00e9chir \u00e0 cette probl\u00e9matique.<br \/>Nous avons identifi\u00e9 que les difficult\u00e9s provenaient principalement d&#8217;un manque d&#8217;informations des parents. (Le covid nous a emp\u00each\u00e9 de faire nos r\u00e9unions d&#8217;informations en pr\u00e9sentiel lors des inscriptions).<br \/><br \/>D\u00e9j\u00e0 l&#8217;ann\u00e9e pass\u00e9e, nous avons ressenti cette difficult\u00e9, nous avions alors cr\u00e9\u00e9 une collaboration avec l&#8217;Asbl Passages afin d&#8217;ouvrir une maison verte au sein de notre \u00e9cole quelques samedis. Permettre aux parents de pouvoir \u00e9changer avec des b\u00e9n\u00e9voles externes \u00e0 l&#8217;\u00e9cole de leur questionnements,&nbsp; inqui\u00e9tudes, difficult\u00e9s&#8230;<br \/><br \/>Ensemble, nous avons retravaill\u00e9 l&#8217;accueil des parents. Nous avons retravaill\u00e9 le contenu d&#8217;informations pr\u00e9sent\u00e9s lors de la r\u00e9union d&#8217;inscription. Nous allons proposer que la r\u00e9union des parents des petits se fasse le vendredi avant la rentr\u00e9e. Nous esp\u00e9rons que ces actions faciliteront le d\u00e9but de scolarit\u00e9.<br \/><br \/><strong>Renaissance d&#8217;une association des parents (AP)<\/strong><br \/><br \/>Deux r\u00e9unions ont \u00e9t\u00e9 propos\u00e9es pour informer les parents du r\u00f4le de l&#8217;AP et des repr\u00e9sentants des parents en conseil de participation.<br \/><br \/>Notre AP s&#8217;est dissoute l&#8217;ann\u00e9e pass\u00e9e. D&#8217;anciens membres de notre ex AP sont volontaires pour aider de nouveaux parents \u00e0 recr\u00e9er une AP au sein de notre \u00e9cole.<br \/><br \/>Les \u00e9lections se d\u00e9rouleront en octobre (AP et repr\u00e9sentants des parents au conseil de participation).<br \/><br \/>N&#8217;h\u00e9sitez pas \u00e0 nous rejoindre \u00e0 nos r\u00e9unions si vous souhaitez vous investir pour notre \u00e9cole.<br \/><\/p>\n\n\n\n<p><strong>Am\u00e9liorer la communication avec les parents<\/strong><br \/><br \/>Depuis cette ann\u00e9e,&nbsp; toutes les communications officielles de l&#8217;\u00e9cole sont envoy\u00e9es par mail et \u00e9galement imprim\u00e9es en un exemplaire \u00e0 consulter sur le panneau sur pied \u00e0 l&#8217;entr\u00e9e de l&#8217;\u00e9cole.<br \/>Nous constatons une baisse de parents nous signalant ne pas avoir \u00e9t\u00e9 inform\u00e9s.<br \/>La communication est renforc\u00e9e gr\u00e2ce \u00e0 l&#8217;aide de parents relais qui rediffusent les informations aux parents de la classe. Merci \u00e0 eux.<br \/>Un autre avantage non n\u00e9gligeable \u00e0 la communication par mail est la diminution de notre impact \u00e9cologique par rapport \u00e0 la communication sur feuille de papier.<br \/><\/p>\n\n\n\n<p><br \/><br \/>Je termine ce bilan en vous disant qu&#8217;il m&#8217;a fallu s\u00e9lectionner et r\u00e9sumer les informations que nous souhaitions vous partager tant il se passe des choses \u00e0 l&#8217;ISND !<br \/><br \/>Notre \u00e9cole d\u00e9borde de beaux projets et d&#8217;initiatives !<br \/><br \/>\u00c9videmment, nous avons d\u00e9j\u00e0 des projets plein la t\u00eate pour l&#8217;ann\u00e9e prochaine dont, entre autre, celui de l&#8217;am\u00e9nagement de notre cour de r\u00e9cr\u00e9ation.<br \/><br \/><br \/>Je tiens \u00e0 mettre l&#8217;ensemble de l&#8217;\u00e9quipe p\u00e9dagogique, de l&#8217;\u00e9quipe Baco et l&#8217;ensemble des membres du personnel ouvrier et administratif \u00e0 l&#8217;honneur. C&#8217;est gr\u00e2ce \u00e0 la motivation et \u00e0 la qualit\u00e9 du travail de chacun que nos \u00e9l\u00e8ves peuvent s&#8217;\u00e9panouir dans notre belle \u00e9cole !<br \/><\/p>\n\n\n\n<p><br \/>Tr\u00e8s cordialement,<br \/><br \/>Mme Magelinck<br \/>Directrice de l&#8217;\u00e9cole maternelle ISND<br \/><\/p>\n","protected":false},"excerpt":{"rendered":"<p>Chers parents, Nous avons coutume de dire : &#8220;Il se passe toujours quelque chose \u00e0 l&#8217;ISND !&#8221; Cette belle ann\u00e9e scolaire se termine et il est temps pour nous de regarder en arri\u00e8re, de faire un bilan de tout ce qu&#8217;il s&#8217;est pass\u00e9 durant cette ann\u00e9e \u00e0 l&#8217;ISND maternelle Les projets r\u00e9alis\u00e9s propres \u00e0 l&#8217;ensemble de l&#8217;\u00e9cole: Ach\u00e8vement des travaux En 2022-2023, l&#8217;ann\u00e9e f\u00fbt rythm\u00e9e par les travaux.Nous manquions d&#8217;espace, il \u00e9tait n\u00e9cessaire de passer par une p\u00e9riode d&#8217;inconfort afin de pouvoir ensuite profiter des nouveaux am\u00e9nagements : &#8211; cr\u00e9ation d&#8217;un nouveau b\u00e2timent accueillant une salle de psychomotricit\u00e9.&#8211; nouveau pr\u00e9au-cr\u00e9ation de mezzanines dans 5 classes pour les siestes ou pour offrir plus d&#8217;espace dans un local de deuxi\u00e8me.&#8211; cr\u00e9ation d&#8217;un nouvel espace plus accessible pour le secr\u00e9tariat et la direction au rez-de-chauss\u00e9e (anciennement au 3 immeuble \u00e9tage)&#8211; cr\u00e9ation d&#8217;une salle polyvalente (espace pour travailler en petits groupes hors classe avec des \u00e9l\u00e8ves \/ espace de repos et d\u00e9tente pendant le midi pour les 2 et 3ieme maternelle \/ local agr\u00e9able pour l&#8217;accueil du matin du soir pendant les temps baco).&#8211; r\u00e9installation de modules de\u00a0 jeux dans la cour (bateau et drone sont nouveaux). Nous avons comme projet de r\u00e9aliser cr\u00e9er un abri pour notre parking v\u00e9lo et d&#8217;am\u00e9nager l&#8217;estrade sous le pr\u00e9au. Cr\u00e9ation d&#8217;une biblioth\u00e8que Cela faisait longtemps nous en r\u00eavions.Gr\u00e2ce aux travaux de l&#8217;ann\u00e9e pass\u00e9e, nous avons pu lib\u00e9rer un espace au 3 i\u00e8me \u00e9tage pour notre biblioth\u00e8que. Encore merci \u00e0 la famille de Maryam pour la peinture du local, les \u00e9tag\u00e8res, et la quantit\u00e9 de livres offerts !Merci \u00e9galement \u00e0 tous les parents qui ont achet\u00e9 des porte-cl\u00e9s Isnd l&#8217;ann\u00e9e scolaire pass\u00e9e. Les b\u00e9n\u00e9fices nous ont permis d&#8217;acheter des poufs, des \u00e9tag\u00e8res murales,\u00a0 un fauteuil, un programme de gestion des pr\u00eats de livres&#8230; Sensibilisation \u00e0 la mobilit\u00e9 douce Deux actions ont \u00e9t\u00e9 propos\u00e9es, nous avons particip\u00e9 \u00e0 la semaine de la mobilit\u00e9 en septembre. L&#8217;asbl sport 4 you est venue propos\u00e9e une animation v\u00e9lo et s\u00e9curit\u00e9 routi\u00e8re.Vos enfants ont v\u00e9cu des animations en classes ou hors de l&#8217;\u00e9cole : visite du quartier, d\u00e9couverte des panneaux routiers, &#8230;Au retour des beaux jours,\u00a0 notre psychomotricienne Mme Monica a propos\u00e9 l&#8217;action &#8220;tous \u00e0 l&#8217;\u00e9cole \u00e0 v\u00e9lo&#8221;. Nous avons re\u00e7u des modules parcours v\u00e9lo a pr\u00eater de Provelo. Quotidiennement, nous remarquons les b\u00e9n\u00e9fices du projet mobilit\u00e9. Nous constatons que beaucoup d&#8217;enfants se d\u00e9placent \u00e0 v\u00e9lo, trottinette,\u00a0 draisienne L&#8217;\u00e9veil aux langues L&#8217;\u00e9veil aux langues de maternelle \u00e0 la deuxi\u00e8me primaire est une nouveaut\u00e9 du tronc commun.Nos enseignants ont suivi 4 modules de formation lors de nos temps de travail collaboratif.De nombreuses activit\u00e9s d&#8217;\u00e9veil aux langues sont propos\u00e9es en classe, certains enseignants ont invit\u00e9 des parent pour faire d\u00e9couvrir leur langue aux \u00e9l\u00e8ves de la classe..Nous nous sommes procur\u00e9s de nombreux livres d&#8217;histoires propres \u00e0 L&#8217;\u00e9veil aux langues. Nous constatons que ces activit\u00e9s permettent une ouverture \u00e0 l&#8217;autre. Nos \u00e9l\u00e8ves sont r\u00e9ceptifs et curieux de d\u00e9couvrir d&#8217;autres langues d&#8217;autres mots &#8230; Formation des enseignants Nos enseignants ont \u00e9t\u00e9 form\u00e9s lors de nos journ\u00e9es p\u00e9dagogiques aux am\u00e9nagements raisonnables. Notre volont\u00e9 est de pouvoir soutenir au mieux nos \u00e9l\u00e8ves en difficult\u00e9s. Une journ\u00e9e de formation nous a permis de pr\u00e9parer notre \u00e9valuation interm\u00e9diaire de notre contrat d&#8217;objectifs. (Voir paragraphe contrat d&#8217;objectif). La derni\u00e8re journ\u00e9e de formation a \u00e9t\u00e9 consacr\u00e9e aux premiers secours pour l&#8217;ensemble de l&#8217;\u00e9quipe. Deux enseignants ont suivi la formation &#8220;apprendre dans la nature&#8221; l&#8217;ann\u00e9e prochaine deux autres enseignants suivront \u00e9galement cette formation. Plusieurs enseignants ont particip\u00e9 \u00e0 une initiation de Babel&#8217;Air.\u00a0 Projet pour la qualit\u00e9 de l&#8217;air dans les \u00e9coles. Deux enseignants ont suivi une formation fran\u00e7ais langue d&#8217;apprentissage afin d&#8217;am\u00e9liorer nos techniques d&#8217;apprentissages pour les enfants dont le niveau de fran\u00e7ais est faible. Un enseignant a suivi la formation r\u00e9f\u00e9rent num\u00e9rique. Contrat d&#8217;objectifs (plan pilotage) Toutes les \u00e9coles de la cfwb ont \u00e9t\u00e9 invit\u00e9es a r\u00e9aliser une analyse des r\u00e9sultats de sa propre \u00e9cole. En fonction de l&#8217;analyse chaque \u00e9cole a d\u00fb cibler des objectifs d&#8217;am\u00e9lioration. Nous avons r\u00e9alis\u00e9 ce travail en 2018, notre \u00e9cole s&#8217;est fix\u00e9e 3 objectifs d&#8217;am\u00e9lioration \u00e0 atteindre dans les 6 ans. 1) continuer \u00e0 am\u00e9liorer le bien-\u00eatre au sein de notre \u00e9cole2) r\u00e9duire les \u00e9carts entre nos \u00e9l\u00e8ves3) am\u00e9liorer les comp\u00e9tences de n\u00e9erlandais de nos \u00e9l\u00e8ves en immersion. En mars, une d\u00e9l\u00e9gu\u00e9e au contrat d&#8217;objectifs de la cfwb est venue \u00e9valuer avec nous notre travail \u00e0 mi-parcours. Son \u00e9valuation est positive, nous avons \u00e9t\u00e9 chaleureusement f\u00e9licit\u00e9s pour toutes les actions mises en place. La d\u00e9l\u00e9gu\u00e9e se dit \u00eatre impressionn\u00e9e par la quantit\u00e9 et la qualit\u00e9 de notre travail au service des \u00e9l\u00e8ves. Notre f\u00eate d&#8217;\u00e9coleCette ann\u00e9e, nous sommes heureux et fiers d&#8217;avoir pu vous offrir \u00e0 nouveau un beau spectacle (covid).Le th\u00e8me des musiques du monde \u00e9tait une \u00e9vidence pour nous. Il nous a permis de faire le lien avec l&#8217;\u00e9veil aux langues. Merci d&#8217;avoir embarquez avec nous pour ce voyage festif autour du monde.J&#8217;en profite pour remercier et souligner une nouvelle fois le travail de qualit\u00e9 de l&#8217;ensemble des membres du personnel de l&#8217;\u00e9cole. Il n&#8217;y a pas de doutes, ils sont passionn\u00e9s ! Merci \u00e0 vous chers parents pour tout le soutien que vous nous avez apport\u00e9! Projet faciliter l&#8217;accueil de nos nouveaux \u00e9l\u00e8ves Nous avons fait le constat que nos \u00e9l\u00e8ves sont de moins en moins pr\u00e9par\u00e9s \u00e0 entrer \u00e0 l&#8217;\u00e9cole maternelle.Nos institutrices de premi\u00e8res maternelles ont souhait\u00e9 se concerter avec le pms et la direction&nbsp; afin de r\u00e9fl\u00e9chir \u00e0 cette probl\u00e9matique.Nous avons identifi\u00e9 que les difficult\u00e9s provenaient principalement d&#8217;un manque d&#8217;informations des parents. (Le covid nous a emp\u00each\u00e9 de faire nos r\u00e9unions d&#8217;informations en pr\u00e9sentiel lors des inscriptions). D\u00e9j\u00e0 l&#8217;ann\u00e9e pass\u00e9e, nous avons ressenti cette difficult\u00e9, nous avions alors cr\u00e9\u00e9 une collaboration avec l&#8217;Asbl Passages afin d&#8217;ouvrir une maison verte au sein de notre \u00e9cole quelques samedis. Permettre aux parents de pouvoir \u00e9changer avec des b\u00e9n\u00e9voles externes \u00e0 l&#8217;\u00e9cole de leur questionnements,&nbsp; inqui\u00e9tudes, difficult\u00e9s&#8230; Ensemble, nous avons retravaill\u00e9 l&#8217;accueil des parents. Nous avons retravaill\u00e9 le contenu d&#8217;informations pr\u00e9sent\u00e9s lors de la r\u00e9union d&#8217;inscription. Nous allons proposer que la r\u00e9union des parents des petits se fasse le vendredi avant la rentr\u00e9e. Nous esp\u00e9rons que ces actions faciliteront le d\u00e9but de scolarit\u00e9. Renaissance d&#8217;une association des parents (AP) Deux r\u00e9unions ont \u00e9t\u00e9 propos\u00e9es pour informer les parents du r\u00f4le de l&#8217;AP et des repr\u00e9sentants des parents en conseil de participation. Notre AP s&#8217;est dissoute l&#8217;ann\u00e9e pass\u00e9e. D&#8217;anciens membres de notre ex AP sont volontaires pour aider de nouveaux parents \u00e0 recr\u00e9er une AP au sein de notre \u00e9cole. Les \u00e9lections se d\u00e9rouleront en octobre (AP et repr\u00e9sentants des parents au conseil de participation). N&#8217;h\u00e9sitez pas \u00e0 nous rejoindre \u00e0 nos r\u00e9unions si vous souhaitez vous investir pour notre \u00e9cole. Am\u00e9liorer la communication avec les parents Depuis cette ann\u00e9e,&nbsp; toutes les communications officielles de l&#8217;\u00e9cole sont envoy\u00e9es par mail et \u00e9galement imprim\u00e9es en un exemplaire \u00e0 consulter sur le panneau sur pied \u00e0 l&#8217;entr\u00e9e de l&#8217;\u00e9cole.Nous constatons une baisse de parents nous signalant ne pas avoir \u00e9t\u00e9 inform\u00e9s.La communication est renforc\u00e9e gr\u00e2ce \u00e0 l&#8217;aide de parents relais qui rediffusent les informations aux parents de la classe. Merci \u00e0 eux.Un autre avantage non n\u00e9gligeable \u00e0 la communication par mail est la diminution de notre impact \u00e9cologique par rapport \u00e0 la communication sur feuille de papier. Je termine ce bilan en vous disant qu&#8217;il m&#8217;a fallu s\u00e9lectionner et r\u00e9sumer les informations que nous souhaitions vous partager tant il se passe des choses \u00e0 l&#8217;ISND ! Notre \u00e9cole d\u00e9borde de beaux projets et d&#8217;initiatives ! \u00c9videmment, nous avons d\u00e9j\u00e0 des projets plein la t\u00eate pour l&#8217;ann\u00e9e prochaine dont, entre autre, celui de l&#8217;am\u00e9nagement de notre cour de r\u00e9cr\u00e9ation. Je tiens \u00e0 mettre l&#8217;ensemble de l&#8217;\u00e9quipe p\u00e9dagogique, de l&#8217;\u00e9quipe Baco et l&#8217;ensemble des membres du personnel ouvrier et administratif \u00e0 l&#8217;honneur. C&#8217;est gr\u00e2ce \u00e0 la motivation et \u00e0 la qualit\u00e9 du travail de chacun que nos \u00e9l\u00e8ves peuvent s&#8217;\u00e9panouir dans notre belle \u00e9cole ! Tr\u00e8s cordialement, Mme MagelinckDirectrice de l&#8217;\u00e9cole maternelle ISND<\/p>\n","protected":false},"author":13,"featured_media":0,"comment_status":"open","ping_status":"closed","sticky":false,"template":"","format":"standard","meta":{"footnotes":""},"categories":[30],"tags":[],"class_list":["post-98007","post","type-post","status-publish","format-standard","hentry","category-articles"],"_links":{"self":[{"href":"https:\/\/maternel.isnd.be\/index.php?rest_route=\/wp\/v2\/posts\/98007","targetHints":{"allow":["GET"]}}],"collection":[{"href":"https:\/\/maternel.isnd.be\/index.php?rest_route=\/wp\/v2\/posts"}],"about":[{"href":"https:\/\/maternel.isnd.be\/index.php?rest_route=\/wp\/v2\/types\/post"}],"author":[{"embeddable":true,"href":"https:\/\/maternel.isnd.be\/index.php?rest_route=\/wp\/v2\/users\/13"}],"replies":[{"embeddable":true,"href":"https:\/\/maternel.isnd.be\/index.php?rest_route=%2Fwp%2Fv2%2Fcomments&post=98007"}],"version-history":[{"count":3,"href":"https:\/\/maternel.isnd.be\/index.php?rest_route=\/wp\/v2\/posts\/98007\/revisions"}],"predecessor-version":[{"id":98010,"href":"https:\/\/maternel.isnd.be\/index.php?rest_route=\/wp\/v2\/posts\/98007\/revisions\/98010"}],"wp:attachment":[{"href":"https:\/\/maternel.isnd.be\/index.php?rest_route=%2Fwp%2Fv2%2Fmedia&parent=98007"}],"wp:term":[{"taxonomy":"category","embeddable":true,"href":"https:\/\/maternel.isnd.be\/index.php?rest_route=%2Fwp%2Fv2%2Fcategories&post=98007"},{"taxonomy":"post_tag","embeddable":true,"href":"https:\/\/maternel.isnd.be\/index.php?rest_route=%2Fwp%2Fv2%2Ftags&post=98007"}],"curies":[{"name":"wp","href":"https:\/\/api.w.org\/{rel}","templated":true}]}}