{"id":97862,"date":"2022-05-13T10:24:26","date_gmt":"2022-05-13T09:24:26","guid":{"rendered":"https:\/\/maternel.isnd.be\/?p=97862"},"modified":"2022-05-13T10:25:53","modified_gmt":"2022-05-13T09:25:53","slug":"soutenez-la-creation-dune-bibliotheque-dans-notre-ecole","status":"publish","type":"post","link":"https:\/\/maternel.isnd.be\/?p=97862","title":{"rendered":"Soutenez la cr\u00e9ation d\u2019une biblioth\u00e8que dans notre \u00e9cole !"},"content":{"rendered":"\n<div class=\"wp-block-image\"><figure class=\"aligncenter size-large\"><img loading=\"lazy\" decoding=\"async\" width=\"251\" height=\"395\" src=\"https:\/\/maternel.isnd.be\/wp-content\/uploads\/2022\/05\/image.png\" alt=\"\" class=\"wp-image-97863\" srcset=\"https:\/\/maternel.isnd.be\/wp-content\/uploads\/2022\/05\/image.png 251w, https:\/\/maternel.isnd.be\/wp-content\/uploads\/2022\/05\/image-191x300.png 191w\" sizes=\"auto, (max-width: 251px) 100vw, 251px\" \/><\/figure><\/div>\n\n\n\n<p>Gr\u00e2ce aux travaux, de nouveaux espaces vont se cr\u00e9er \u00e0 l\u2019\u00e9cole.<\/p>\n\n\n\n<p>L\u2019un de nos projets est de cr\u00e9er une biblioth\u00e8que. Donner aux enfants l\u2019envie de lire et favoriser l\u2019apprentissage du fran\u00e7ais font partie de nos priorit\u00e9s.<\/p>\n\n\n\n<p>Vous pouvez nous soutenir en achetant un porte-cl\u00e9s souriant de l\u2019ISND au prix de<\/p>\n\n\n\n<p class=\"has-text-align-center\"><strong>5\u20ac<\/strong><\/p>\n\n\n\n<p>Ce porte-cl\u00e9s cache de nombreuses fonctionnalit\u00e9s&nbsp;:<\/p>\n\n\n\n<ul class=\"wp-block-list\"><li>Lampe de poche<\/li><li>Jeton de caddy<\/li><li>M\u00e8tre<\/li><li>D\u00e9capsuleur<\/li><\/ul>\n\n\n\n<p>La semaine prochaine, nos enseignants vous proposeront les porte-cl\u00e9s \u00e0 la vente sans obligation d\u2019achat.<\/p>\n\n\n\n<p>Si vous \u00eates tent\u00e9s, merci de pr\u00e9voir le montant juste en liquide.<\/p>\n\n\n\n<p>D\u2019avance nous vous remercions pour votre soutien&nbsp;!<\/p>\n\n\n\n<p class=\"has-text-align-right\">L\u2019\u00e9quipe \u00e9ducative de l\u2019ISND<\/p>\n","protected":false},"excerpt":{"rendered":"<p>Gr\u00e2ce aux travaux, de nouveaux espaces vont se cr\u00e9er \u00e0 l\u2019\u00e9cole. L\u2019un de nos projets est de cr\u00e9er une biblioth\u00e8que. Donner aux enfants l\u2019envie de lire et favoriser l\u2019apprentissage du fran\u00e7ais font partie de nos priorit\u00e9s. Vous pouvez nous soutenir en achetant un porte-cl\u00e9s souriant de l\u2019ISND au prix de 5\u20ac Ce porte-cl\u00e9s cache de nombreuses fonctionnalit\u00e9s&nbsp;: Lampe de poche Jeton de caddy M\u00e8tre D\u00e9capsuleur La semaine prochaine, nos enseignants vous proposeront les porte-cl\u00e9s \u00e0 la vente sans obligation d\u2019achat. Si vous \u00eates tent\u00e9s, merci de pr\u00e9voir le montant juste en liquide. D\u2019avance nous vous remercions pour votre soutien&nbsp;! L\u2019\u00e9quipe \u00e9ducative de l\u2019ISND<\/p>\n","protected":false},"author":13,"featured_media":0,"comment_status":"open","ping_status":"closed","sticky":false,"template":"","format":"standard","meta":{"footnotes":""},"categories":[30],"tags":[],"class_list":["post-97862","post","type-post","status-publish","format-standard","hentry","category-articles"],"_links":{"self":[{"href":"https:\/\/maternel.isnd.be\/index.php?rest_route=\/wp\/v2\/posts\/97862","targetHints":{"allow":["GET"]}}],"collection":[{"href":"https:\/\/maternel.isnd.be\/index.php?rest_route=\/wp\/v2\/posts"}],"about":[{"href":"https:\/\/maternel.isnd.be\/index.php?rest_route=\/wp\/v2\/types\/post"}],"author":[{"embeddable":true,"href":"https:\/\/maternel.isnd.be\/index.php?rest_route=\/wp\/v2\/users\/13"}],"replies":[{"embeddable":true,"href":"https:\/\/maternel.isnd.be\/index.php?rest_route=%2Fwp%2Fv2%2Fcomments&post=97862"}],"version-history":[{"count":3,"href":"https:\/\/maternel.isnd.be\/index.php?rest_route=\/wp\/v2\/posts\/97862\/revisions"}],"predecessor-version":[{"id":97866,"href":"https:\/\/maternel.isnd.be\/index.php?rest_route=\/wp\/v2\/posts\/97862\/revisions\/97866"}],"wp:attachment":[{"href":"https:\/\/maternel.isnd.be\/index.php?rest_route=%2Fwp%2Fv2%2Fmedia&parent=97862"}],"wp:term":[{"taxonomy":"category","embeddable":true,"href":"https:\/\/maternel.isnd.be\/index.php?rest_route=%2Fwp%2Fv2%2Fcategories&post=97862"},{"taxonomy":"post_tag","embeddable":true,"href":"https:\/\/maternel.isnd.be\/index.php?rest_route=%2Fwp%2Fv2%2Ftags&post=97862"}],"curies":[{"name":"wp","href":"https:\/\/api.w.org\/{rel}","templated":true}]}}