{"id":96868,"date":"2020-03-12T11:46:12","date_gmt":"2020-03-12T10:46:12","guid":{"rendered":"https:\/\/maternel.isnd.be\/?p=96868"},"modified":"2020-04-01T15:52:23","modified_gmt":"2020-04-01T14:52:23","slug":"demain-on-enfile-son-pyjama","status":"publish","type":"post","link":"https:\/\/maternel.isnd.be\/?p=96868","title":{"rendered":"Demain, on enfile son pyjama"},"content":{"rendered":"\n<ul class=\"wp-block-gallery columns-1 is-cropped wp-block-gallery-1 is-layout-flex wp-block-gallery-is-layout-flex\"><li class=\"blocks-gallery-item\"><figure><img loading=\"lazy\" decoding=\"async\" width=\"236\" height=\"305\" src=\"https:\/\/maternel.isnd.be\/wp-content\/uploads\/2020\/03\/demain.jpg\" alt=\"\" data-id=\"96869\" data-link=\"https:\/\/maternel.isnd.be\/?attachment_id=96869\" class=\"wp-image-96869\" srcset=\"https:\/\/maternel.isnd.be\/wp-content\/uploads\/2020\/03\/demain.jpg 236w, https:\/\/maternel.isnd.be\/wp-content\/uploads\/2020\/03\/demain-232x300.jpg 232w\" sizes=\"auto, (max-width: 236px) 100vw, 236px\" \/><\/figure><\/li><\/ul>\n\n\n\n<p><strong><em>Rappel<\/em><\/strong><em>&nbsp;:<\/em><\/p>\n\n\n\n<p><em>Demain,\nvendredi 13\/03, tous nos \u00e9l\u00e8ves sont invit\u00e9s \u00e0 venir en pyjama \u00e0 l\u2019\u00e9cole afin\nde soutenir <\/em>tous les nombreux enfants et jeunes adultes qui ne\npeuvent pas aller \u00e0 l\u2019\u00e9cole \u00e0 cause d\u2019une maladie de longue dur\u00e9e.<em><\/em><\/p>\n","protected":false},"excerpt":{"rendered":"<p>Rappel&nbsp;: Demain, vendredi 13\/03, tous nos \u00e9l\u00e8ves sont invit\u00e9s \u00e0 venir en pyjama \u00e0 l\u2019\u00e9cole afin de soutenir tous les nombreux enfants et jeunes adultes qui ne peuvent pas aller \u00e0 l\u2019\u00e9cole \u00e0 cause d\u2019une maladie de longue dur\u00e9e.<\/p>\n","protected":false},"author":13,"featured_media":0,"comment_status":"open","ping_status":"closed","sticky":false,"template":"","format":"standard","meta":{"footnotes":""},"categories":[30],"tags":[],"class_list":["post-96868","post","type-post","status-publish","format-standard","hentry","category-articles"],"_links":{"self":[{"href":"https:\/\/maternel.isnd.be\/index.php?rest_route=\/wp\/v2\/posts\/96868","targetHints":{"allow":["GET"]}}],"collection":[{"href":"https:\/\/maternel.isnd.be\/index.php?rest_route=\/wp\/v2\/posts"}],"about":[{"href":"https:\/\/maternel.isnd.be\/index.php?rest_route=\/wp\/v2\/types\/post"}],"author":[{"embeddable":true,"href":"https:\/\/maternel.isnd.be\/index.php?rest_route=\/wp\/v2\/users\/13"}],"replies":[{"embeddable":true,"href":"https:\/\/maternel.isnd.be\/index.php?rest_route=%2Fwp%2Fv2%2Fcomments&post=96868"}],"version-history":[{"count":1,"href":"https:\/\/maternel.isnd.be\/index.php?rest_route=\/wp\/v2\/posts\/96868\/revisions"}],"predecessor-version":[{"id":96870,"href":"https:\/\/maternel.isnd.be\/index.php?rest_route=\/wp\/v2\/posts\/96868\/revisions\/96870"}],"wp:attachment":[{"href":"https:\/\/maternel.isnd.be\/index.php?rest_route=%2Fwp%2Fv2%2Fmedia&parent=96868"}],"wp:term":[{"taxonomy":"category","embeddable":true,"href":"https:\/\/maternel.isnd.be\/index.php?rest_route=%2Fwp%2Fv2%2Fcategories&post=96868"},{"taxonomy":"post_tag","embeddable":true,"href":"https:\/\/maternel.isnd.be\/index.php?rest_route=%2Fwp%2Fv2%2Ftags&post=96868"}],"curies":[{"name":"wp","href":"https:\/\/api.w.org\/{rel}","templated":true}]}}