{"id":96856,"date":"2020-03-06T13:10:45","date_gmt":"2020-03-06T12:10:45","guid":{"rendered":"https:\/\/maternel.isnd.be\/?p=96856"},"modified":"2020-04-01T16:00:26","modified_gmt":"2020-04-01T15:00:26","slug":"vendredi-13-mars-2020-journee-nationale-du-pyjama","status":"publish","type":"post","link":"https:\/\/maternel.isnd.be\/?p=96856","title":{"rendered":"Vendredi 13 mars 2020, Journ\u00e9e Nationale du Pyjama !"},"content":{"rendered":"\n<p>Tous en pyjama \u00e0 l&#8217;\u00e9cole par solidarit\u00e9 avec les enfants malades !<br \/><\/p>\n\n\n\n<p>Ce jour-l\u00e0, nous soutenons tous les nombreux enfants et jeunes adultes qui ne peuvent pas aller \u00e0 l&#8217;\u00e9cole \u00e0 cause d&#8217;une maladie de longue dur\u00e9e.<\/p>\n\n\n\n<p>Enfilons nos pyjamas par solidarit\u00e9 !<\/p>\n\n\n\n<p>Tout le monde peut participer, petits et grands !<br \/>Si vous ne voulez pas aller \u00e0 l&#8217;\u00e9cole ou travailler en pyjama mais que vous voulez quand m\u00eame soutenir notre cause, faites une belle photo en pyjama et partagez-la sur vos r\u00e9seaux sociaux le 13 mars en identifiant <a rel=\"noreferrer noopener\" target=\"_blank\" href=\"https:\/\/www.facebook.com\/Takeoffasbl\/\">Take Off asbl<\/a><a rel=\"noreferrer noopener\" target=\"_blank\" href=\"https:\/\/www.facebook.com\/hashtag\/takeoff\">#takeoff<\/a><a rel=\"noreferrer noopener\" target=\"_blank\" href=\"https:\/\/www.facebook.com\/hashtag\/journeepyjama\">#journeepyjama<\/a><\/p>\n\n\n\n<p>Cette\n journ\u00e9e de sensibilisation et de solidarit\u00e9 avec les enfants malades \nest aussi destin\u00e9e \u00e0 faire connaitre Take Off afin que tous les enfants \nqui en ont besoin puissent b\u00e9n\u00e9ficier de ses services.<\/p>\n\n\n\n<p>Chaque\n ann\u00e9e des centaines d&#8217;enfants sont atteints de maladies ou d&#8217;accidents \ngraves et sont coup\u00e9s, durant plusieurs mois ou r\u00e9guli\u00e8rement, de toute \nvie sociale et scolaire. L&#8217;asbl Take Off met gratuitement \u00e0 leur \ndisposition le mat\u00e9riel informatique n\u00e9cessaire pour communiquer avec la\n classe et suivre les cours en direct et ce depuis l\u2019h\u00f4pital ou le \ndomicile. En 12 ans, plus de 700 enfants ont ainsi particip\u00e9 \u00e0 la vie de\n leur classe depuis leur lit.<\/p>\n\n\n\n<p>Vous pouvez \u00e9galement les soutenir via <a rel=\"noreferrer noopener\" target=\"_blank\" href=\"https:\/\/l.facebook.com\/l.php?u=https%3A%2F%2Fwww.takeoff-asbl.be%2Fet-vous%3Ffbclid%3DIwAR12D-yY1prMxGoIjL9gRqBOzTetK91YxbpM7trKNCbEfyGrbbNdWqTIby4%23action&amp;h=AT2uKP76-rBUJ-nTvsqwXLp1p6eR3Cp__u0Vi9pewcPanAjEEuTfYwn27q5o8xYbxtvNBIBikxD6ls2TNW0FGh3_Fh7Z3y9ZWyZFFv8J3GG0OvG8LNQD978UpzxqjUZ0aw\">https:\/\/www.takeoff-asbl.be\/et-vous#action<\/a><\/p>\n\n\n\n<ul class=\"wp-block-gallery columns-1 is-cropped wp-block-gallery-1 is-layout-flex wp-block-gallery-is-layout-flex\"><li class=\"blocks-gallery-item\"><figure><img loading=\"lazy\" decoding=\"async\" width=\"244\" height=\"300\" src=\"https:\/\/maternel.isnd.be\/wp-content\/uploads\/2020\/03\/JNP_2020-1.png\" alt=\"\" data-id=\"96858\" data-link=\"https:\/\/maternel.isnd.be\/?attachment_id=96858\" class=\"wp-image-96858\"\/><\/figure><\/li><\/ul>\n","protected":false},"excerpt":{"rendered":"<p>Tous en pyjama \u00e0 l&#8217;\u00e9cole par solidarit\u00e9 avec les enfants malades ! Ce jour-l\u00e0, nous soutenons tous les nombreux enfants et jeunes adultes qui ne peuvent pas aller \u00e0 l&#8217;\u00e9cole \u00e0 cause d&#8217;une maladie de longue dur\u00e9e. Enfilons nos pyjamas par solidarit\u00e9 ! Tout le monde peut participer, petits et grands !Si vous ne voulez pas aller \u00e0 l&#8217;\u00e9cole ou travailler en pyjama mais que vous voulez quand m\u00eame soutenir notre cause, faites une belle photo en pyjama et partagez-la sur vos r\u00e9seaux sociaux le 13 mars en identifiant Take Off asbl#takeoff#journeepyjama Cette journ\u00e9e de sensibilisation et de solidarit\u00e9 avec les enfants malades est aussi destin\u00e9e \u00e0 faire connaitre Take Off afin que tous les enfants qui en ont besoin puissent b\u00e9n\u00e9ficier de ses services. Chaque ann\u00e9e des centaines d&#8217;enfants sont atteints de maladies ou d&#8217;accidents graves et sont coup\u00e9s, durant plusieurs mois ou r\u00e9guli\u00e8rement, de toute vie sociale et scolaire. L&#8217;asbl Take Off met gratuitement \u00e0 leur disposition le mat\u00e9riel informatique n\u00e9cessaire pour communiquer avec la classe et suivre les cours en direct et ce depuis l\u2019h\u00f4pital ou le domicile. En 12 ans, plus de 700 enfants ont ainsi particip\u00e9 \u00e0 la vie de leur classe depuis leur lit. Vous pouvez \u00e9galement les soutenir via https:\/\/www.takeoff-asbl.be\/et-vous#action<\/p>\n","protected":false},"author":13,"featured_media":0,"comment_status":"open","ping_status":"closed","sticky":false,"template":"","format":"standard","meta":{"footnotes":""},"categories":[30],"tags":[],"class_list":["post-96856","post","type-post","status-publish","format-standard","hentry","category-articles"],"_links":{"self":[{"href":"https:\/\/maternel.isnd.be\/index.php?rest_route=\/wp\/v2\/posts\/96856","targetHints":{"allow":["GET"]}}],"collection":[{"href":"https:\/\/maternel.isnd.be\/index.php?rest_route=\/wp\/v2\/posts"}],"about":[{"href":"https:\/\/maternel.isnd.be\/index.php?rest_route=\/wp\/v2\/types\/post"}],"author":[{"embeddable":true,"href":"https:\/\/maternel.isnd.be\/index.php?rest_route=\/wp\/v2\/users\/13"}],"replies":[{"embeddable":true,"href":"https:\/\/maternel.isnd.be\/index.php?rest_route=%2Fwp%2Fv2%2Fcomments&post=96856"}],"version-history":[{"count":2,"href":"https:\/\/maternel.isnd.be\/index.php?rest_route=\/wp\/v2\/posts\/96856\/revisions"}],"predecessor-version":[{"id":96860,"href":"https:\/\/maternel.isnd.be\/index.php?rest_route=\/wp\/v2\/posts\/96856\/revisions\/96860"}],"wp:attachment":[{"href":"https:\/\/maternel.isnd.be\/index.php?rest_route=%2Fwp%2Fv2%2Fmedia&parent=96856"}],"wp:term":[{"taxonomy":"category","embeddable":true,"href":"https:\/\/maternel.isnd.be\/index.php?rest_route=%2Fwp%2Fv2%2Fcategories&post=96856"},{"taxonomy":"post_tag","embeddable":true,"href":"https:\/\/maternel.isnd.be\/index.php?rest_route=%2Fwp%2Fv2%2Ftags&post=96856"}],"curies":[{"name":"wp","href":"https:\/\/api.w.org\/{rel}","templated":true}]}}