{"id":96790,"date":"2019-12-11T10:17:05","date_gmt":"2019-12-11T09:17:05","guid":{"rendered":"https:\/\/maternel.isnd.be\/?p=96790"},"modified":"2019-12-11T10:17:12","modified_gmt":"2019-12-11T09:17:12","slug":"association-des-parents-2","status":"publish","type":"post","link":"https:\/\/maternel.isnd.be\/?p=96790","title":{"rendered":"Association des parents"},"content":{"rendered":"\n<table class=\"wp-block-table\"><tbody><tr><td> Bonjour \u00e0 tous ! <br \/><br \/>Voici des nouvelles de l&#8217;Association des Parents.<br \/><br \/>La prochaine r\u00e9union et la derni\u00e8re de cette ann\u00e9e civile aura lieu <strong>le mardi 17 d\u00e9cembre \u00e0 19h00<\/strong> dans les locaux de l&#8217;\u00e9cole primaire.\u00a0<br \/><br \/><strong>Ordre du jour<\/strong> <br \/>\u2022Approbation du PV<br \/> \u2022\u00a0Soupe (d\u00e9briefing + appel \u00e0 projet) <br \/>\u2022\u00a0Rencontre CPMS\u00a0<br \/>\u2022\u00a0Mobilit\u00e9\u00a0:\u00a0Retour sur le salon des plans de d\u00e9placements scolaires <br \/>\u2022\u00a0Retour sur l&#8217;AG du PO <br \/>\u2022\u00a0Divers <br \/><br \/>Nous vous souhaitons de bonnes f\u00eates de fin d&#8217;ann\u00e9e.\u00a0<br \/>La premi\u00e8re <strong>r\u00e9union de l&#8217;an neuf<\/strong> aura lieu le <strong>14 janvier \u00e0 19h00<\/strong>.\u00a0<br \/> \u00c0 bient\u00f4t ! <br \/><br \/><\/td><\/tr><\/tbody><\/table>\n","protected":false},"excerpt":{"rendered":"<p>Bonjour \u00e0 tous ! Voici des nouvelles de l&#8217;Association des Parents. La prochaine r\u00e9union et la derni\u00e8re de cette ann\u00e9e civile aura lieu le mardi 17 d\u00e9cembre \u00e0 19h00 dans les locaux de l&#8217;\u00e9cole primaire.\u00a0 Ordre du jour \u2022Approbation du PV \u2022\u00a0Soupe (d\u00e9briefing + appel \u00e0 projet) \u2022\u00a0Rencontre CPMS\u00a0\u2022\u00a0Mobilit\u00e9\u00a0:\u00a0Retour sur le salon des plans de d\u00e9placements scolaires \u2022\u00a0Retour sur l&#8217;AG du PO \u2022\u00a0Divers Nous vous souhaitons de bonnes f\u00eates de fin d&#8217;ann\u00e9e.\u00a0La premi\u00e8re r\u00e9union de l&#8217;an neuf aura lieu le 14 janvier \u00e0 19h00.\u00a0 \u00c0 bient\u00f4t !<\/p>\n","protected":false},"author":13,"featured_media":0,"comment_status":"open","ping_status":"closed","sticky":false,"template":"","format":"standard","meta":{"footnotes":""},"categories":[30],"tags":[],"class_list":["post-96790","post","type-post","status-publish","format-standard","hentry","category-articles"],"_links":{"self":[{"href":"https:\/\/maternel.isnd.be\/index.php?rest_route=\/wp\/v2\/posts\/96790","targetHints":{"allow":["GET"]}}],"collection":[{"href":"https:\/\/maternel.isnd.be\/index.php?rest_route=\/wp\/v2\/posts"}],"about":[{"href":"https:\/\/maternel.isnd.be\/index.php?rest_route=\/wp\/v2\/types\/post"}],"author":[{"embeddable":true,"href":"https:\/\/maternel.isnd.be\/index.php?rest_route=\/wp\/v2\/users\/13"}],"replies":[{"embeddable":true,"href":"https:\/\/maternel.isnd.be\/index.php?rest_route=%2Fwp%2Fv2%2Fcomments&post=96790"}],"version-history":[{"count":1,"href":"https:\/\/maternel.isnd.be\/index.php?rest_route=\/wp\/v2\/posts\/96790\/revisions"}],"predecessor-version":[{"id":96791,"href":"https:\/\/maternel.isnd.be\/index.php?rest_route=\/wp\/v2\/posts\/96790\/revisions\/96791"}],"wp:attachment":[{"href":"https:\/\/maternel.isnd.be\/index.php?rest_route=%2Fwp%2Fv2%2Fmedia&parent=96790"}],"wp:term":[{"taxonomy":"category","embeddable":true,"href":"https:\/\/maternel.isnd.be\/index.php?rest_route=%2Fwp%2Fv2%2Fcategories&post=96790"},{"taxonomy":"post_tag","embeddable":true,"href":"https:\/\/maternel.isnd.be\/index.php?rest_route=%2Fwp%2Fv2%2Ftags&post=96790"}],"curies":[{"name":"wp","href":"https:\/\/api.w.org\/{rel}","templated":true}]}}