{"id":96531,"date":"2019-05-08T07:44:27","date_gmt":"2019-05-08T06:44:27","guid":{"rendered":"http:\/\/isnd.be\/maternel\/wp\/?p=96531"},"modified":"2019-05-08T07:44:27","modified_gmt":"2019-05-08T06:44:27","slug":"demande-inscription-en-3eme-maternelle-filiere-immersion","status":"publish","type":"post","link":"https:\/\/maternel.isnd.be\/?p=96531","title":{"rendered":"Demande inscription en 3\u00e8me maternelle fili\u00e8re immersion"},"content":{"rendered":"<p>&nbsp;<\/p>\n<p>Le formulaire de demande d&#8217;inscription en 3\u00e8me maternelle fili\u00e8re immersion seront remis le jeudi 09 mai 2019 dans les cartables de nos \u00e9l\u00e8ves de 2\u00e8me maternelle.<\/p>\n<p>Si votre enfant ne l&#8217;a pas re\u00e7u, veuillez me le signaler au plus vite par mail \u00e0 direction.maternelle@isnd.be<\/p>\n<p>Le formulaire sera \u00e0 remettre le vendredi 07 juin 2019 en mains propres entre 08h et 12h15 ou par mail de 08h \u00e0 17h. Aucun formulaire ne sera accept\u00e9 ant\u00e9rieurement ni post\u00e9rieurement \u00e0 cette date.<\/p>\n<p>&nbsp;<\/p>\n<p><img loading=\"lazy\" decoding=\"async\" class=\"size-full wp-image-96532 aligncenter\" src=\"http:\/\/isnd.be\/maternel\/wp\/wp-content\/uploads\/2019\/05\/https-_www.ic-bailleul.com_uploads_images_1_2.png\" alt=\"\" width=\"327\" height=\"390\" srcset=\"https:\/\/maternel.isnd.be\/wp-content\/uploads\/2019\/05\/https-_www.ic-bailleul.com_uploads_images_1_2.png 327w, https:\/\/maternel.isnd.be\/wp-content\/uploads\/2019\/05\/https-_www.ic-bailleul.com_uploads_images_1_2-252x300.png 252w\" sizes=\"auto, (max-width: 327px) 100vw, 327px\" \/><\/p>\n<p>&nbsp;<\/p>\n<p>&nbsp;<\/p>\n","protected":false},"excerpt":{"rendered":"<p>&nbsp; Le formulaire de demande d&#8217;inscription en 3\u00e8me maternelle fili\u00e8re immersion seront remis le jeudi 09 mai 2019 dans les cartables de nos \u00e9l\u00e8ves de 2\u00e8me maternelle. Si votre enfant ne l&#8217;a pas re\u00e7u, veuillez me le signaler au plus vite par mail \u00e0 direction.maternelle@isnd.be Le formulaire sera \u00e0 remettre le vendredi 07 juin 2019 en mains propres entre 08h et 12h15 ou par mail de 08h \u00e0 17h. Aucun formulaire ne sera accept\u00e9 ant\u00e9rieurement ni post\u00e9rieurement \u00e0 cette date. &nbsp; &nbsp; &nbsp;<\/p>\n","protected":false},"author":13,"featured_media":0,"comment_status":"open","ping_status":"closed","sticky":false,"template":"","format":"standard","meta":{"footnotes":""},"categories":[30],"tags":[],"class_list":["post-96531","post","type-post","status-publish","format-standard","hentry","category-articles"],"_links":{"self":[{"href":"https:\/\/maternel.isnd.be\/index.php?rest_route=\/wp\/v2\/posts\/96531","targetHints":{"allow":["GET"]}}],"collection":[{"href":"https:\/\/maternel.isnd.be\/index.php?rest_route=\/wp\/v2\/posts"}],"about":[{"href":"https:\/\/maternel.isnd.be\/index.php?rest_route=\/wp\/v2\/types\/post"}],"author":[{"embeddable":true,"href":"https:\/\/maternel.isnd.be\/index.php?rest_route=\/wp\/v2\/users\/13"}],"replies":[{"embeddable":true,"href":"https:\/\/maternel.isnd.be\/index.php?rest_route=%2Fwp%2Fv2%2Fcomments&post=96531"}],"version-history":[{"count":1,"href":"https:\/\/maternel.isnd.be\/index.php?rest_route=\/wp\/v2\/posts\/96531\/revisions"}],"predecessor-version":[{"id":96533,"href":"https:\/\/maternel.isnd.be\/index.php?rest_route=\/wp\/v2\/posts\/96531\/revisions\/96533"}],"wp:attachment":[{"href":"https:\/\/maternel.isnd.be\/index.php?rest_route=%2Fwp%2Fv2%2Fmedia&parent=96531"}],"wp:term":[{"taxonomy":"category","embeddable":true,"href":"https:\/\/maternel.isnd.be\/index.php?rest_route=%2Fwp%2Fv2%2Fcategories&post=96531"},{"taxonomy":"post_tag","embeddable":true,"href":"https:\/\/maternel.isnd.be\/index.php?rest_route=%2Fwp%2Fv2%2Ftags&post=96531"}],"curies":[{"name":"wp","href":"https:\/\/api.w.org\/{rel}","templated":true}]}}