{"id":95991,"date":"2018-11-28T09:40:40","date_gmt":"2018-11-28T08:40:40","guid":{"rendered":"http:\/\/isnd.be\/maternel\/wp\/?p=95991"},"modified":"2018-12-12T20:37:57","modified_gmt":"2018-12-12T19:37:57","slug":"jepeuxpasjaiclimat","status":"publish","type":"post","link":"https:\/\/maternel.isnd.be\/?p=95991","title":{"rendered":"#JePeuxPasJAiClimat"},"content":{"rendered":"<p><!--more--><p class=\"gde-text\"><a href=\"http:\/\/isnd.be\/maternel\/wp\/wp-content\/uploads\/2018\/11\/Affiche-A3.pdf\" class=\"gde-link\">Pour t\u00e9l\u00e9charger le document, cliquez ici (PDF, 3.75Mo)<\/a><\/p>\n<iframe src=\"\/\/docs.google.com\/viewer?url=http%3A%2F%2Fisnd.be%2Fmaternel%2Fwp%2Fwp-content%2Fuploads%2F2018%2F11%2FAffiche-A3.pdf&hl=fr&embedded=true\" class=\"gde-frame\" style=\"width:100%; height:800px; border: none;\" scrolling=\"no\"><\/iframe><\/p>\n<p>Ce vendredi 30 novembre,<strong> l&#8217;association des parents<\/strong> vous propose de <strong>sonner l&#8217;alarme pour le climat<\/strong> dans le cadre de la manifestation propos\u00e9e par le\u00a0<a id=\"LPlnk708522\" class=\"OWAAutoLink\" href=\"http:\/\/apfisnd.be\/?email_id=38&amp;user_id=170&amp;urlpassed=aHR0cHM6Ly93d3cuZmFjZWJvb2suY29tL0NOQ0QtMTExMTExLTExODUxMDcyMTUxOTk4Mi8%2FX190bl9fPUstUiZhbXA7ZWlkPUFSQ19OVlc1ZTNyc3RLbzBwRUZoUzhnNGY4ZHplemVDRWhNbXhZUXdHMFdJUXhZT016MUxYc1JFOUpCUFp3ZVREcUZ3d2tEX2FWRUVCSGJBJmFtcDtmcmVmPW1lbnRpb25zJmFtcDtfX3h0c19fJTVCMCU1RD02OC5BUkNyZllnVTJtUTRvV0ktbzF4UlNKdWJCSzNna0FhaXFoWEhwcHVxMG1VRUFOVmRrM1NfVXJVUzVqOVRiZDFIVGo3TVMwOTFpQjhWVFRiNE41RTRxVFJtV3RCeVVGT2pQQjlwdjAwajg5RnRNYThkbmdJTVBaX0xSSlh1MnRYRDZvWUJRWlpmVHFJdGJpdnZsS010NHFWWEQ4dDRkYTlpTnBEWGs4TUNtVm5DVG9RTnJrdVhNVGFfZmVtYm5xVEtoVHZ1dUlhckpUSjlDUDN1ZVkyU2VLczF3MUhXLWd5X0Utai1fRFZKVEpsV2ZGR0c3QlQxSjMwZkNQVW93bFIxM0JhRlEycE5IZzdHaG1ZTnN4SUlvM2ZMSG5yZ0dLTkIwcmxBNFZNR1V4czRYdzM5RnlFNkdLQ2hCeWtBT0Vza0ZsLVVnMF9hbkg5T0IydjVIU1pvNVRZ&amp;controller=stats&amp;action=analyse&amp;wysija-page=1&amp;wysijap=subscriptions\" target=\"_blank\" rel=\"noopener\">CNCD-11.11.11<\/a>\u00a0&#8211; en pr\u00e9lude de la marche du 2\/12.<br \/>\nEn pratique : <strong>rdv vendredi d\u00e8s 8h<\/strong> pour, \u00e0 8h20 <strong>devant l&#8217;\u00e9cole maternelle ou primaire (pour ceux qui vont \u00e0 la garderie en ce jour p\u00e9dagogique)<\/strong>, faire sonner toutes nos alarmes (de gsm ou autre) pour sensibiliser un maximum de monde et nos enfants.<br \/>\nLien FB\u00a0 :\u00a0<a id=\"LPlnk641564\" class=\"OWAAutoLink\" href=\"http:\/\/apfisnd.be\/?email_id=38&amp;user_id=170&amp;urlpassed=aHR0cHM6Ly93d3cuZmFjZWJvb2suY29tL2V2ZW50cy8yNzA0NDM2MzM2MTAzNjAv&amp;controller=stats&amp;action=analyse&amp;wysija-page=1&amp;wysijap=subscriptions\" target=\"_blank\" rel=\"noopener\">https:\/\/www.facebook.com\/events\/270443633610360\/<\/a><\/p>\n<p>&nbsp;<\/p>\n<p>Le vendredi 30 novembre, rassemblez-vous devant votre \u00e9cole, apportez des r\u00e9veils, branchez votre GSM sur une sonnerie qui est proche d\u2019un r\u00e9veil ! R\u00e9veillons le gouvernement belge pour qu&#8217;il prenne des mesures ambitieuses limitant le r\u00e9chauffement climatique.<\/p>\n<p>Un climat qui reste en de\u00e7\u00e0 des 1,5\u00b0, une meilleure qualit\u00e9 de l\u2019air pour nos enfants, limiter les \u00e9v\u00e8nements m\u00e9t\u00e9orologiques extr\u00eames, nous le voulons toutes et tous !<br \/>\nPourtant, le r\u00e9chauffement climatique est bien l\u00e0, faisant sentir ses cons\u00e9quences \u00e0 l\u2019ensemble de l\u2019Humanit\u00e9, \u00e0 commencer par les personnes les plus vuln\u00e9rables, qui habitent pour leur majeure partie dans les pays en d\u00e9veloppement. Le rapport du GIEC sorti d\u00e9but octobre est tr\u00e8s clair, les engagements pris lors de l\u2019accord de Paris ne suffisent pas, il faut des mesures rapides et ambitieuses pour limiter le r\u00e9chauffement \u00e0 maximum 1,5\u00b0.<\/p>\n<p>A trois jours du d\u00e9but de la COP 24 en Pologne qui r\u00e9unit tous les \u00c9tats de la plan\u00e8te, nous \u2013 parents, jeunes, enfants, \u00e9coles- voulons sonner le r\u00e9veil climatique pour demander \u00e0 la Belgique d\u2019agir pour les g\u00e9n\u00e9rations futures !<\/p>\n<p>&nbsp;<\/p>\n","protected":false},"excerpt":{"rendered":"<p>L&#8217;association des parents vous propose de sonner l&#8217;alarme pour le climat dans le cadre de la manifestation propos\u00e9e par le CNCD-11.11.11<\/p>\n","protected":false},"author":13,"featured_media":0,"comment_status":"open","ping_status":"closed","sticky":false,"template":"","format":"standard","meta":{"footnotes":""},"categories":[30],"tags":[],"class_list":["post-95991","post","type-post","status-publish","format-standard","hentry","category-articles"],"_links":{"self":[{"href":"https:\/\/maternel.isnd.be\/index.php?rest_route=\/wp\/v2\/posts\/95991","targetHints":{"allow":["GET"]}}],"collection":[{"href":"https:\/\/maternel.isnd.be\/index.php?rest_route=\/wp\/v2\/posts"}],"about":[{"href":"https:\/\/maternel.isnd.be\/index.php?rest_route=\/wp\/v2\/types\/post"}],"author":[{"embeddable":true,"href":"https:\/\/maternel.isnd.be\/index.php?rest_route=\/wp\/v2\/users\/13"}],"replies":[{"embeddable":true,"href":"https:\/\/maternel.isnd.be\/index.php?rest_route=%2Fwp%2Fv2%2Fcomments&post=95991"}],"version-history":[{"count":4,"href":"https:\/\/maternel.isnd.be\/index.php?rest_route=\/wp\/v2\/posts\/95991\/revisions"}],"predecessor-version":[{"id":96411,"href":"https:\/\/maternel.isnd.be\/index.php?rest_route=\/wp\/v2\/posts\/95991\/revisions\/96411"}],"wp:attachment":[{"href":"https:\/\/maternel.isnd.be\/index.php?rest_route=%2Fwp%2Fv2%2Fmedia&parent=95991"}],"wp:term":[{"taxonomy":"category","embeddable":true,"href":"https:\/\/maternel.isnd.be\/index.php?rest_route=%2Fwp%2Fv2%2Fcategories&post=95991"},{"taxonomy":"post_tag","embeddable":true,"href":"https:\/\/maternel.isnd.be\/index.php?rest_route=%2Fwp%2Fv2%2Ftags&post=95991"}],"curies":[{"name":"wp","href":"https:\/\/api.w.org\/{rel}","templated":true}]}}